[{"@context":"https:\/\/schema.org\/","@type":"Article","@id":"https:\/\/www.gtasa.cz\/damy-nejste-v-tom-samy\/#Article","mainEntityOfPage":"https:\/\/www.gtasa.cz\/damy-nejste-v-tom-samy\/","headline":"D\u00e1my, nejste v tom samy","name":"D\u00e1my, nejste v tom samy","description":"\u017deny ve sv\u011bt\u011b technologi\u00ed a IT, a\u0165 ji\u017e cht\u011bj\u00ed nebo ne, v n\u011bm maj\u00ed velmi mal\u00e9 pracovn\u00ed zastoupen\u00ed. Mo\u017en\u00e1 to je zp\u016fsobeno men\u0161\u00ed oblibou v \u017eensk\u00e9m sv\u011bt\u011b, mo\u017en\u00e1 strachem z neust\u00e1le se vyv\u00edjej\u00edc\u00edho odv\u011btv\u00ed. Nen\u00ed se \u010deho b\u00e1t. Na pomoc p\u0159ich\u00e1z\u00ed Czechitas.&#13; &#13; Neziskov\u00e1 organizace Czechitas pom\u00e1h\u00e1 \u017een\u00e1m i d\u00edvk\u00e1m z cel\u00e9 \u010cesk\u00e9 Republiky, nakopnout","datePublished":"2019-12-25","dateModified":"2023-06-05","author":{"@type":"Person","@id":"https:\/\/www.gtasa.cz\/author\/#Person","name":"","url":"https:\/\/www.gtasa.cz\/author\/","identifier":1,"image":{"@type":"ImageObject","@id":"https:\/\/secure.gravatar.com\/avatar\/91506ed60e31abe586276a3e1420719df081581a820344a28fa2034bb1a2fe22?s=96&d=mm&r=g","url":"https:\/\/secure.gravatar.com\/avatar\/91506ed60e31abe586276a3e1420719df081581a820344a28fa2034bb1a2fe22?s=96&d=mm&r=g","height":96,"width":96}},"publisher":{"@type":"Organization","name":"gtasa.cz","logo":{"@type":"ImageObject","@id":"\/logo.png","url":"\/logo.png","width":600,"height":60}},"image":{"@type":"ImageObject","@id":"https:\/\/www.gtasa.cz\/wp-content\/uploads\/img_a364636_w4379_t1577432453.jpg","url":"https:\/\/www.gtasa.cz\/wp-content\/uploads\/img_a364636_w4379_t1577432453.jpg","height":0,"width":0},"url":"https:\/\/www.gtasa.cz\/damy-nejste-v-tom-samy\/","about":["Www"],"wordCount":442,"articleBody":"\u017deny ve sv\u011bt\u011b technologi\u00ed a IT, a\u0165 ji\u017e cht\u011bj\u00ed nebo ne, v n\u011bm maj\u00ed velmi mal\u00e9 pracovn\u00ed zastoupen\u00ed. Mo\u017en\u00e1 to je zp\u016fsobeno men\u0161\u00ed oblibou v \u017eensk\u00e9m sv\u011bt\u011b, mo\u017en\u00e1 strachem z neust\u00e1le se vyv\u00edjej\u00edc\u00edho odv\u011btv\u00ed. Nen\u00ed se \u010deho b\u00e1t. Na pomoc p\u0159ich\u00e1z\u00ed Czechitas.&#13; &#13; Neziskov\u00e1 organizace Czechitas pom\u00e1h\u00e1 \u017een\u00e1m i d\u00edvk\u00e1m z cel\u00e9 \u010cesk\u00e9 Republiky, nakopnout jejich kari\u00e9ru, pochopit a zamilovat si sv\u011bt informa\u010dn\u00edch technologi\u00ed. Snad ka\u017ed\u00e1 maminka vracej\u00edc\u00ed se do pr\u00e1ce po rodi\u010dovsk\u00e9 dovolen\u00e9 \u0159e\u0161ila, jak nejl\u00e9pe zkombinovat pr\u00e1ci a starost o rodinu. Nastoupit do p\u016fvodn\u00edho zam\u011bstn\u00e1n\u00ed, ale vracet se dom\u016f a\u017e ve\u010der? A co pak s d\u011btmi? V\u017edy\u0165 \u0161kolka zav\u00edr\u00e1 ve \u010dty\u0159i odpoledne. Pr\u00e1ce z domu p\u0159es internet nebo kancel\u00e1\u0159sk\u00e1 pr\u00e1ce s mo\u017enost\u00ed home office by bylo ide\u00e1ln\u00ed \u0159e\u0161en\u00ed. A pr\u00e1ce v IT toto velmi \u010dasto umo\u017e\u0148uje.&#13; A p\u0159esn\u011b pro v\u00e1s je tady czechitas.cz. V p\u0159\u00edpravn\u00fdch kurzech v\u00e1s provede sv\u011btem technologi\u00ed a nau\u010d\u00ed digit\u00e1ln\u00ed gramotnosti. Kurzy nav\u0161t\u011bvuj\u00ed \u017eeny a d\u00edvky se stejn\u00fdmi zku\u0161enostmi i podobn\u00fdmi probl\u00e9my a je\u0161t\u011b z\u00edsk\u00e1te nov\u00e9 kamar\u00e1dky, kter\u00e9 v\u00e1s budou ch\u00e1pat. Nau\u010d\u00edte se tvo\u0159it weby, budete se orientovat v po\u010d\u00edta\u010dov\u00e9 grafice a digit\u00e1ln\u00ed marketing u\u017e pro v\u00e1s nebude ciz\u00ed slovo.&#13; T\u00edm to ov\u0161em nekon\u010d\u00ed. Czechitas je jedna velk\u00e1 rodina. Po\u0159\u00e1daj\u00ed setk\u00e1n\u00ed na neform\u00e1ln\u00edch srazech, kde si m\u016f\u017eete vym\u011bnit sv\u00e9 zku\u0161enosti a z\u00e1\u017eitky s ostatn\u00edmi.&#13; P\u00ed\u0161\u00ed sv\u016fj blog, na kter\u00e9m motivuj\u00ed m\u00e9n\u011b sebev\u011bdom\u00e9 \u017eeny k akci. Rozhovory s \u017eenami, kter\u00e9 pro\u0161ly jejich jednodenn\u00ed workshopy i dlouhodob\u00e9 kurzy a kter\u00e9 se dok\u00e1zaly postavit na vlastn\u00ed nohy a na\u0161ly sv\u00e9 uplatn\u011bn\u00ed v IT. U\u017e jen d\u00edky tomuto blogu je zaj\u00edmav\u00e9 jejich str\u00e1nky nav\u0161t\u00edvit. Je inspiruj\u00edc\u00ed a osv\u011b\u017euj\u00edc\u00ed.&#13; &#13; Pomohou v\u00e1m naj\u00edt pr\u00e1ci? Ano, i t\u00edmto se zab\u00fdvaj\u00ed. Pom\u00e1haj\u00ed \u017een\u00e1m v\u0161ech v\u011bkov\u00fdch kategorii a jsou prost\u0159edn\u00edkem mezi absolventkami jejich kurz\u016f a firmami hledaj\u00edc\u00ed tu pravou osobu.&#13; Mimochodem, p\u00e1nov\u00e9, nebojte se. Czechitas mysl\u00ed i na v\u00e1s. Po\u0159\u00e1d\u00e1 kurzy tak\u00e9 pro \u0161irokou ve\u0159ejnost. Takt\u00e9\u017e pro d\u011bti star\u0161\u00ed 8mi let a ml\u00e1de\u017e. Velmi zaj\u00edmav\u00e9 je kombinovan\u00e9 studium maminek s d\u011btmi.&#13;                                                                                                                                                                                                                                                                                                                                                                                         4\/5 - (3 votes)        "},{"@context":"https:\/\/schema.org\/","@type":"BreadcrumbList","itemListElement":[{"@type":"ListItem","position":1,"name":"D\u00e1my, nejste v tom samy","item":"https:\/\/www.gtasa.cz\/damy-nejste-v-tom-samy\/#breadcrumbitem"}]}]