[{"@context":"https:\/\/schema.org\/","@type":"Article","@id":"https:\/\/www.gtasa.cz\/nabozenske-konflikty-v-17-stoleti\/#Article","mainEntityOfPage":"https:\/\/www.gtasa.cz\/nabozenske-konflikty-v-17-stoleti\/","headline":"N\u00e1bo\u017eensk\u00e9 konflikty v 17. stolet\u00ed","name":"N\u00e1bo\u017eensk\u00e9 konflikty v 17. stolet\u00ed","description":"Jedn\u00edm z\u00a0nejsklo\u0148ovan\u011bj\u0161\u00edch konflikt\u016f, kter\u00e9 zas\u00e1hly do d\u011bjin \u010cesk\u00fdch zem\u00ed, je T\u0159icetilet\u00e1 v\u00e1lka. Je ov\u0161em mo\u017en\u00e9, \u017ee ne ka\u017ed\u00fd si na tuto l\u00e1tku pamatuje ze \u0161koln\u00edch lavic. Proto neu\u0161kod\u00ed kr\u00e1tk\u00e9 shrnut\u00ed. \u00a0\u00a0\u00a0\u00a0\u00a0 Tento ozbrojen\u00fd konflikt trval mezi lety 1618-1648. Proti sob\u011b tehdy st\u00e1li \u0159\u00edmskokatolick\u00e1 c\u00edrkev a vyznava\u010di nov\u011b vznikl\u00fdch odv\u011btv\u00ed n\u00e1bo\u017eenstv\u00ed, kalvinismu a luter\u00e1nstv\u00ed. Hlavn\u00ed motivac\u00ed","datePublished":"2021-12-23","dateModified":"2023-06-05","author":{"@type":"Person","@id":"https:\/\/www.gtasa.cz\/author\/#Person","name":"","url":"https:\/\/www.gtasa.cz\/author\/","identifier":1,"image":{"@type":"ImageObject","@id":"https:\/\/secure.gravatar.com\/avatar\/91506ed60e31abe586276a3e1420719df081581a820344a28fa2034bb1a2fe22?s=96&d=mm&r=g","url":"https:\/\/secure.gravatar.com\/avatar\/91506ed60e31abe586276a3e1420719df081581a820344a28fa2034bb1a2fe22?s=96&d=mm&r=g","height":96,"width":96}},"publisher":{"@type":"Organization","name":"gtasa.cz","logo":{"@type":"ImageObject","@id":"\/logo.png","url":"\/logo.png","width":600,"height":60}},"image":{"@type":"ImageObject","@id":"https:\/\/www.gtasa.cz\/wp-content\/uploads\/the-war-gb939fa252_640.jpg","url":"https:\/\/www.gtasa.cz\/wp-content\/uploads\/the-war-gb939fa252_640.jpg","height":0,"width":0},"url":"https:\/\/www.gtasa.cz\/nabozenske-konflikty-v-17-stoleti\/","about":["V\u011bda"],"wordCount":463,"articleBody":"Jedn\u00edm z\u00a0nejsklo\u0148ovan\u011bj\u0161\u00edch konflikt\u016f, kter\u00e9 zas\u00e1hly do d\u011bjin \u010cesk\u00fdch zem\u00ed, je T\u0159icetilet\u00e1 v\u00e1lka. Je ov\u0161em mo\u017en\u00e9, \u017ee ne ka\u017ed\u00fd si na tuto l\u00e1tku pamatuje ze \u0161koln\u00edch lavic. Proto neu\u0161kod\u00ed kr\u00e1tk\u00e9 shrnut\u00ed.\u00a0\u00a0\u00a0\u00a0\u00a0 Tento ozbrojen\u00fd konflikt trval mezi lety 1618-1648. Proti sob\u011b tehdy st\u00e1li \u0159\u00edmskokatolick\u00e1 c\u00edrkev a vyznava\u010di nov\u011b vznikl\u00fdch odv\u011btv\u00ed n\u00e1bo\u017eenstv\u00ed, kalvinismu a luter\u00e1nstv\u00ed. Hlavn\u00ed motivac\u00ed a c\u00edlem cel\u00e9 v\u00e1lky byla ov\u0161em snaha uko\u0159istit moc. Prvn\u00ed konflikty se za\u010daly objevovat na \u00fazem\u00ed \u010cesk\u00e9ho a Rakousk\u00e9ho kr\u00e1lovstv\u00ed, ale postupn\u011b se p\u0159enesly do cel\u00e9 Svat\u00e9 \u0159\u00ed\u0161e \u0159\u00edmsk\u00e9. Obvykle se d\u011bl\u00ed do \u010dty\u0159 po sob\u011b jdouc\u00edch etap. Prvn\u00ed je v\u00e1lka \u010desko-falck\u00e1, kter\u00e1 prob\u00edhala mezi lety 1618 a\u017e 1623. V\u00fdraznou ud\u00e1lost\u00ed byla bitva na B\u00edl\u00e9 ho\u0159e. Hlavn\u00edmi \u00fa\u010dastn\u00edky byla Protestantsk\u00e1 unie, kterou vedl Fridrich Falck\u00fd, Katolick\u00e1 liga v\u00a0\u010dele s\u00a0Maxmili\u00e1nem I. Bavorsk\u00fdm. V\u00fdsledkem t\u00e9to f\u00e1ze bylo p\u0159evl\u00e1daj\u00edc\u00ed v\u00edt\u011bzstv\u00ed na stran\u011b katol\u00edk\u016f, rozpu\u0161t\u011bn\u00ed Protestantsk\u00e9 unie a odchod protestantsk\u00fdch vojev\u016fdc\u016f z\u00a0okupovan\u00e9ho \u00fazem\u00ed.\u00a0\u00a0\u00a0\u00a0\u00a0 Druhou etapou byla v\u00e1lka d\u00e1nsk\u00e1, kter\u00e1 trvala do roku 1629. Pro ni je charakteristick\u00fd vznik Haagsk\u00e9 koalice, kter\u00e1 de facto nahradila rozpu\u0161t\u011bnou Protestantskou unii. Do \u010dela se postavil d\u00e1nsk\u00fd kr\u00e1l Kristi\u00e1n IV. Na stranu c\u00edsa\u0159e, a tedy ke katol\u00edk\u016fm seb\u011bhl Albrecht z\u00a0Vald\u0161tejna, kter\u00fd zde stal n\u00e1sledn\u011b hlavn\u00edm vojev\u016fdcem a st\u00e1l tak proti Kristianovi, kter\u00e9ho t\u00e9m\u011b\u0159 na v\u0161ech front\u00e1ch porazil a donutil jej podepsat tzv. l\u00fcbeck\u00fd m\u00edr. \u00a0\u00a0\u00a0\u00a0\u00a0 P\u0159edposledn\u00ed etapa se naz\u00fdv\u00e1 v\u00e1lka \u0161v\u00e9dsk\u00e1. \u0160v\u00e9dsko v\u00a0n\u00ed toti\u017e p\u0159edvedlo svou velice dob\u0159e vyzbrojenou arm\u00e1du. Toto nikdo ne\u010dekal, jeliko\u017e se v\u0161eobecn\u011b v\u011bd\u011blo, \u017ee \u0161v\u00e9dsk\u00e1 arm\u00e1da se skl\u00e1d\u00e1 p\u0159ev\u00e1\u017en\u011b ze sedl\u00e1k\u016f a roln\u00edk\u016f. Tato arm\u00e1da bojovala v\u00a0nejv\u011bt\u0161\u00edm masakru T\u0159icetilet\u00e9 v\u00e1lky, v\u00a0bitv\u011b u Magdeburgu, a vyhr\u00e1la. \u00a0\u00a0\u00a0\u00a0\u00a0 Posledn\u00ed f\u00e1z\u00ed byla v\u00e1lka \u0161v\u00e9dsko-francouzsk\u00e1. Francie se ob\u00e1vala rozp\u00ednavosti Habsburk\u016f, a tak nejd\u0159\u00edve finan\u010dn\u011b a pot\u00e9 tak\u00e9 vojensky podporovala protestantskou stranu. V\u00a0t\u00e9to f\u00e1zi je tak\u00e9 v\u00fdznamn\u00fd pochod \u0161v\u00e9dsk\u00fdch vojsk p\u0159es \u010desk\u00e1 \u00fazem\u00ed sm\u011brem na V\u00edde\u0148, kam se ale nedostaly, jeliko\u017e se zastavily p\u0159ed branami Brna, m\u011bsta, kter\u00e9 nikdy nemohly dob\u00edt. \u00a0\u00a0\u00a0\u00a0\u00a0\u00a0\u00a0\u00a0\u00a0\u00a0\u00a0\u00a0\u00a0 V\u0161e skon\u010dilo Vestf\u00e1lsk\u00fdm m\u00edrem roku 1648, kter\u00fd vedl rekatolizaci \u010desk\u00e9ho \u00fazem\u00ed a pravidlu \u201ecuius regio, eius religion\u201c, koho zem\u011b, toho v\u00edra.                                                                                                                                                                                                                                                                                                                                                                                        4\/5 - (12 votes)        "},{"@context":"https:\/\/schema.org\/","@type":"BreadcrumbList","itemListElement":[{"@type":"ListItem","position":1,"name":"N\u00e1bo\u017eensk\u00e9 konflikty v 17. stolet\u00ed","item":"https:\/\/www.gtasa.cz\/nabozenske-konflikty-v-17-stoleti\/#breadcrumbitem"}]}]