[{"@context":"https:\/\/schema.org\/","@type":"Article","@id":"https:\/\/www.gtasa.cz\/vareni-je-vas-konicek\/#Article","mainEntityOfPage":"https:\/\/www.gtasa.cz\/vareni-je-vas-konicek\/","headline":"Va\u0159en\u00ed je v\u00e1\u0161 kon\u00ed\u010dek","name":"Va\u0159en\u00ed je v\u00e1\u0161 kon\u00ed\u010dek","description":"Uva\u017eujete-li o n\u00e1kupu nov\u00e9 kuchy\u0148sk\u00e9 linky, \u0159\u00e1dn\u011b tento krok promyslete! \u0158i\u010fte se p\u0159edev\u0161\u00edm sv\u00fdmi zku\u0161enostmi se st\u00e1vaj\u00edc\u00ed kuchyn\u00ed. Co v\u00e1m nejv\u00edce vad\u00ed? Co p\u0159ek\u00e1\u017e\u00ed a \u010deho se naopak nedost\u00e1v\u00e1? Vyhovuje v\u00e1m st\u00e1vaj\u00edc\u00ed uspo\u0159\u00e1d\u00e1n\u00ed linky? M\u00e1te dostatek prostoru pro p\u0159\u00edpravu j\u00eddla? Je d\u0159ez spr\u00e1vn\u011b um\u00edst\u011bn? Bu\u010fte realist\u00e9! Sn\u00edt m\u016f\u017eete je\u0161t\u011b i ve specializovan\u00fdch prodejn\u00e1ch na kuchy\u0148sk\u00e9","datePublished":"2025-01-08","dateModified":"2025-01-08","author":{"@type":"Person","@id":"https:\/\/www.gtasa.cz\/author\/#Person","name":"","url":"https:\/\/www.gtasa.cz\/author\/","identifier":1,"image":{"@type":"ImageObject","@id":"https:\/\/secure.gravatar.com\/avatar\/91506ed60e31abe586276a3e1420719df081581a820344a28fa2034bb1a2fe22?s=96&d=mm&r=g","url":"https:\/\/secure.gravatar.com\/avatar\/91506ed60e31abe586276a3e1420719df081581a820344a28fa2034bb1a2fe22?s=96&d=mm&r=g","height":96,"width":96}},"publisher":{"@type":"Organization","name":"gtasa.cz","logo":{"@type":"ImageObject","@id":"\/logo.png","url":"\/logo.png","width":600,"height":60}},"url":"https:\/\/www.gtasa.cz\/vareni-je-vas-konicek\/","wordCount":174,"articleBody":"Uva\u017eujete-li o n\u00e1kupu nov\u00e9 kuchy\u0148sk\u00e9 linky, \u0159\u00e1dn\u011b tento krok promyslete! \u0158i\u010fte se p\u0159edev\u0161\u00edm sv\u00fdmi zku\u0161enostmi se st\u00e1vaj\u00edc\u00ed kuchyn\u00ed. Co v\u00e1m nejv\u00edce vad\u00ed? Co p\u0159ek\u00e1\u017e\u00ed a \u010deho se naopak nedost\u00e1v\u00e1? Vyhovuje v\u00e1m st\u00e1vaj\u00edc\u00ed uspo\u0159\u00e1d\u00e1n\u00ed linky? M\u00e1te dostatek prostoru pro p\u0159\u00edpravu j\u00eddla? Je d\u0159ez spr\u00e1vn\u011b um\u00edst\u011bn? Bu\u010fte realist\u00e9! Sn\u00edt m\u016f\u017eete je\u0161t\u011b i ve specializovan\u00fdch prodejn\u00e1ch na kuchy\u0148sk\u00e9 linky, ale je t\u0159eba m\u00edt napam\u011bti, \u017ee z\u00e1kladn\u00edm krit\u00e9riem p\u0159i volb\u011b kuchy\u0148sk\u00e9 linky mus\u00ed b\u00fdt p\u0159edev\u0161\u00edm velikost samotn\u00e9 kuchyn\u011b, tedy mo\u017en\u00fd prostor k jej\u00edmu um\u00edst\u011bn\u00ed. Na n\u00e1kup kuchy\u0148sk\u00e9 linky p\u0159ipravte! Kde? U n\u00e1s! Nezoufejte, \u017ee se v\u00e1m do va\u0161eho prostoru nevejde kuchy\u0148sk\u00e1 linka, kterou jste vid\u011bli tam \u010di onde. U n\u00e1s si ur\u010dit\u011b ka\u017ed\u00fd z v\u00e1s vybere!                                                                                                                                                                                                                                                                                                                                                                                        4.2\/5 - (4 votes)        "},{"@context":"https:\/\/schema.org\/","@type":"BreadcrumbList","itemListElement":[{"@type":"ListItem","position":1,"name":"Va\u0159en\u00ed je v\u00e1\u0161 kon\u00ed\u010dek","item":"https:\/\/www.gtasa.cz\/vareni-je-vas-konicek\/#breadcrumbitem"}]}]